{"id":168,"date":"2026-09-01T14:53:53","date_gmt":"2026-09-01T14:53:53","guid":{"rendered":"https:\/\/watbavaria.de\/?p=168"},"modified":"2026-09-01T14:53:53","modified_gmt":"2026-09-01T14:53:53","slug":"einladung-zum-kathinafest-2026","status":"publish","type":"post","link":"https:\/\/watbavaria.de\/?p=168","title":{"rendered":"Einladung zum Kathinafest 2026"},"content":{"rendered":"<div class=\"wp-block-image\">\n<figure class=\"aligncenter size-large\"><img fetchpriority=\"high\" decoding=\"async\" width=\"723\" height=\"1024\" src=\"https:\/\/watbavaria.de\/wp-content\/uploads\/2026\/09\/Kathinafest-2026-watbavaria-korrigiert-723x1024.png\" alt=\"Einladung zum Kathinafest 2026 im Wat Phra Dhammakaya Bavaria\" class=\"wp-image-169\" srcset=\"https:\/\/watbavaria.de\/wp-content\/uploads\/2026\/09\/Kathinafest-2026-watbavaria-korrigiert-723x1024.png 723w, https:\/\/watbavaria.de\/wp-content\/uploads\/2026\/09\/Kathinafest-2026-watbavaria-korrigiert-212x300.png 212w, https:\/\/watbavaria.de\/wp-content\/uploads\/2026\/09\/Kathinafest-2026-watbavaria-korrigiert-768x1087.png 768w, https:\/\/watbavaria.de\/wp-content\/uploads\/2026\/09\/Kathinafest-2026-watbavaria-korrigiert.png 1054w\" sizes=\"(max-width: 723px) 100vw, 723px\" \/><\/figure>\n<\/div>\n\n\n<p class=\"wp-block-paragraph\">Am <strong>Sonntag, den 8. November 2026<\/strong>, feiern wir im Wat Phra Dhammakaya Bavaria das traditionelle Kathinafest. Die Zeremonie beginnt um <strong>9:30 Uhr<\/strong>.<\/p>\n\n\n\n<p class=\"wp-block-paragraph\">Das Kathinafest findet einmal im Jahr nach dem Ende der dreimonatigen Regenzeitklausur statt. An diesem besonderen Tag bringen die Gl\u00e4ubigen der M\u00f6nchsgemeinschaft gemeinsam eine Kathinarobe und weitere notwendige Gaben dar.<\/p>\n\n\n\n<p class=\"wp-block-paragraph\">Zum Programm geh\u00f6ren die Kathinazeremonie, Rezitationen, Dhammaimpulse, ein gemeinsames Mittagessen sowie Zeit f\u00fcr Begegnung und Austausch.<\/p>\n\n\n\n<p class=\"wp-block-paragraph\">Alle Interessierten sind herzlich willkommen. Vorkenntnisse oder eine buddhistische Zugeh\u00f6rigkeit sind nicht erforderlich.<\/p>\n\n\n\n<p class=\"has-text-align-center wp-block-paragraph\"><strong>Wat Phra Dhammakaya Bavaria<\/strong><br>Heinkelstra\u00dfe 1<br>86343 K\u00f6nigsbrunn<br><strong>Beginn: 9:30 Uhr<\/strong><\/p>\n\n\n\n<p class=\"wp-block-paragraph\">Zur besseren Vorbereitung bitten wir um Anmeldung:<\/p>\n\n\n\n<div class=\"wp-block-buttons is-content-justification-center is-layout-flex wp-container-core-buttons-is-layout-fe48e5de wp-block-buttons-is-layout-flex\">\n<div class=\"wp-block-button\"><a class=\"wp-block-button__link wp-element-button\" href=\"https:\/\/forms.gle\/kyCfxFFEoYfo8Vs1A\" target=\"_blank\" rel=\"noreferrer noopener\">Jetzt zum Kathinafest anmelden<\/a><\/div>\n<\/div>\n\n\n\n<hr class=\"wp-block-separator has-alpha-channel-opacity\"\/>\n\n\n\n<p class=\"has-text-align-center wp-block-paragraph\">Informationen zu deutschsprachiger Meditation, Kursen und Retreats finden Sie auf <a href=\"https:\/\/derwegnachinnen.de\/\" target=\"_blank\" rel=\"noreferrer noopener\">derwegnachinnen.de<\/a>.<\/p>\n","protected":false},"excerpt":{"rendered":"<p>Am Sonntag, den 8. November 2026, feiern wir im Wat Phra Dhammakaya Bavaria das traditionelle Kathinafest. Die Zeremonie beginnt um 9:30 Uhr. Das Kathinafest findet einmal im Jahr nach dem Ende der dreimonatigen Regenzeitklausur statt. An diesem besonderen Tag bringen die Gl\u00e4ubigen der M\u00f6nchsgemeinschaft gemeinsam eine Kathinarobe und weitere notwendige Gaben dar. Zum Programm geh\u00f6ren &hellip; <\/p>\n<p class=\"link-more\"><a href=\"https:\/\/watbavaria.de\/?p=168\" class=\"more-link\">Continue reading<span class=\"screen-reader-text\"> &#8220;Einladung zum Kathinafest 2026&#8221;<\/span><\/a><\/p>\n","protected":false},"author":1,"featured_media":0,"comment_status":"open","ping_status":"open","sticky":false,"template":"","format":"standard","meta":{"footnotes":""},"categories":[5],"tags":[],"class_list":["post-168","post","type-post","status-publish","format-standard","hentry","category-event"],"_links":{"self":[{"href":"https:\/\/watbavaria.de\/index.php?rest_route=\/wp\/v2\/posts\/168","targetHints":{"allow":["GET"]}}],"collection":[{"href":"https:\/\/watbavaria.de\/index.php?rest_route=\/wp\/v2\/posts"}],"about":[{"href":"https:\/\/watbavaria.de\/index.php?rest_route=\/wp\/v2\/types\/post"}],"author":[{"embeddable":true,"href":"https:\/\/watbavaria.de\/index.php?rest_route=\/wp\/v2\/users\/1"}],"replies":[{"embeddable":true,"href":"https:\/\/watbavaria.de\/index.php?rest_route=%2Fwp%2Fv2%2Fcomments&post=168"}],"version-history":[{"count":1,"href":"https:\/\/watbavaria.de\/index.php?rest_route=\/wp\/v2\/posts\/168\/revisions"}],"predecessor-version":[{"id":170,"href":"https:\/\/watbavaria.de\/index.php?rest_route=\/wp\/v2\/posts\/168\/revisions\/170"}],"wp:attachment":[{"href":"https:\/\/watbavaria.de\/index.php?rest_route=%2Fwp%2Fv2%2Fmedia&parent=168"}],"wp:term":[{"taxonomy":"category","embeddable":true,"href":"https:\/\/watbavaria.de\/index.php?rest_route=%2Fwp%2Fv2%2Fcategories&post=168"},{"taxonomy":"post_tag","embeddable":true,"href":"https:\/\/watbavaria.de\/index.php?rest_route=%2Fwp%2Fv2%2Ftags&post=168"}],"curies":[{"name":"wp","href":"https:\/\/api.w.org\/{rel}","templated":true}]}}